{"id":6600,"date":"2025-06-12T14:59:00","date_gmt":"2025-06-12T13:59:00","guid":{"rendered":"https:\/\/www.pixid-vms.com\/ch\/?p=6600"},"modified":"2025-08-25T15:33:55","modified_gmt":"2025-08-25T14:33:55","slug":"gestion-interim-personnel-permanent-temporaire","status":"publish","type":"post","link":"https:\/\/www.pixid-vms.com\/ch\/fr\/blog-fr\/gestion-interim-personnel-permanent-temporaire\/","title":{"rendered":"Gestion int\u00e9rim : combiner personnel permanent et temporaire"},"content":{"rendered":"<div style=\"margin-top: 0px; margin-bottom: 0px;\" class=\"sharethis-inline-share-buttons\" ><\/div>\n<h1 class=\"wp-block-heading titre-article\">Gestion int\u00e9rim : comment r\u00e9ussir \u00e0 combiner personnel permanent et temporaire<\/h1>\n\n\n\n<p>Dans le paysage actuel du recrutement, la gestion int\u00e9rim occupe place importante pour de nombreuses organisations. Beaucoup ont d\u00e9j\u00e0 adopt\u00e9 <strong>une strat\u00e9gie de main-d\u2019\u0153uvre mixte,<\/strong> combinant <strong>des employ\u00e9s permanents<\/strong> avec une gamme <strong>de travailleurs flexibles<\/strong>\u202f:<strong> int\u00e9rimaires, freelances et sous-traitants<\/strong>. Cette approche, d\u00e9sormais bien \u00e9tablie, permet aux entreprises d\u2019acc\u00e9der aux comp\u00e9tences dont elles ont besoin, de rester agiles et de ma\u00eetriser leurs co\u00fbts tout en r\u00e9pondant aux variations de leur activit\u00e9.<\/p>\n\n\n\n<div style=\"height:20px\" aria-hidden=\"true\" class=\"wp-block-spacer\"><\/div>\n\n\n\n<figure class=\"wp-block-image aligncenter size-full\"><img fetchpriority=\"high\" decoding=\"async\" width=\"680\" height=\"350\" src=\"https:\/\/www.pixid-vms.com\/ch\/wp-content\/uploads\/sites\/7\/2025\/08\/Contingent-workforce-management.jpg\" alt=\"\" class=\"wp-image-6601\" srcset=\"https:\/\/www.pixid-vms.com\/ch\/wp-content\/uploads\/sites\/7\/2025\/08\/Contingent-workforce-management.jpg 680w, https:\/\/www.pixid-vms.com\/ch\/wp-content\/uploads\/sites\/7\/2025\/08\/Contingent-workforce-management-300x154.jpg 300w\" sizes=\"(max-width: 680px) 100vw, 680px\" \/><\/figure>\n\n\n\n<div style=\"height:30px\" aria-hidden=\"true\" class=\"wp-block-spacer\"><\/div>\n\n\n\n<div class=\"content\"><\/div>\n\n\n<div class=\"texte-article\">\n<h2>Principales tendances et perspectives du march\u00e9<\/h2>\n<p>La gestion de l\u2019int\u00e9rim est d\u2019autant plus importante que ce type de recours ne cesse de cro\u00eetre. <strong><a href=\"https:\/\/magnitglobal.com\/us\/en\/resources\/knowledge-center\/blog\/4-steps-to-getting-started-on-optimizing-your-contingent-workforce.html\" target=\"_blank\" rel=\"noopener\">Gartner<\/a><\/strong> indique que la main-d\u2019\u0153uvre temporaire est en passe de repr\u00e9senter une part importante de la main-d\u2019\u0153uvre mondiale, avec des estimations sugg\u00e9rant qu\u2019elle pourrait atteindre 35 \u00e0 40 %. Cette tendance souligne la recherche croissante de flexibilit\u00e9 et de comp\u00e9tences sp\u00e9cialis\u00e9es. De plus, <strong><a href=\"https:\/\/www.staffingindustry.com\/research\/research-reports\/americas\/vms-global-landscape-and-differentiators-2024\" target=\"_blank\" rel=\"noopener\">Staffing Industry Analysts (SIA)<\/a><\/strong> met en avant le r\u00f4le essentiel de l\u2019int\u00e9rim dans le march\u00e9 mondial de l\u2019emploi, renfor\u00e7ant l\u2019importance de solutions efficaces pour la gestion int\u00e9rim.<\/p>\n<h2>Pourquoi la gestion int\u00e9rim est une priorit\u00e9 croissante\u202f?<\/h2>\n<p>Plusieurs facteurs favorisent l\u2019adoption de mod\u00e8les de main-d\u2019\u0153uvre mixte, ajoutant le personnel int\u00e9rimaire aux ressources permanentes\u202f:<\/p>\n<ul>\n<li><strong>Incertitude \u00e9conomique<\/strong> : besoin de flexibilit\u00e9 pour ajuster les effectifs en fonction de la demande.<\/li>\n<li><strong>P\u00e9nurie de talents<\/strong> : l\u2019int\u00e9rim permet d\u2019acc\u00e9der rapidement \u00e0 des comp\u00e9tences sp\u00e9cialis\u00e9es.<\/li>\n<li><strong>Travail par projet<\/strong> : recours accru \u00e0 du personnel int\u00e9rimaire ou contractuel pour des missions sp\u00e9cifiques.<\/li>\n<li><strong>Pr\u00e9f\u00e9rences des travailleurs<\/strong> : de plus en plus de professionnels choisissent l\u2019int\u00e9rim ou le travail ind\u00e9pendant pour une plus grande flexibilit\u00e9.<\/li>\n<\/ul>\n<p><br \/>Aujourd\u2019hui, la gestion int\u00e9rim ne repr\u00e9sente plus seulement un compl\u00e9ment, mais un axe central de la strat\u00e9gie RH de nombreuses entreprises.<\/p>\n<h2>Les d\u00e9fis de la gestion int\u00e9rim et du personnel permanent<\/h2>\n<p>M\u00eame si la gestion int\u00e9rim s\u2019impose comme la norme, elle pose certains d\u00e9fis :<\/p>\n<ul>\n<li><strong>Visibilit\u00e9 et reporting<\/strong> : sans outils adapt\u00e9s, difficile de suivre l\u2019ensemble des effectifs et ldes co\u00fbts li\u00e9s \u00e0 l\u2019int\u00e9rim.<\/li>\n<li><strong>Conformit\u00e9<\/strong> : les r\u00e8gles li\u00e9es \u00e0 l\u2019int\u00e9rim, les obligations fiscales et sociales varient selon les pays europ\u00e9ens.<\/li>\n<li><strong>Ma\u00eetrise des co\u00fbts<\/strong> : sans visibilit\u00e9, les co\u00fbts de l\u2019int\u00e9rim peuvent rapidement s\u2019envoler.<\/li>\n<li><strong>Gestion des fournisseurs<\/strong> : la coordination de plusieurs agences d\u2019int\u00e9rim, freelances et \u00e9quipes internes requiert des processus efficaces.<\/li>\n<\/ul>\n<p><br \/>Des r\u00e9glementations telles que la directive europ\u00e9enne sur le d\u00e9tachement des travailleurs, les r\u00e8gles IR35 au Royaume-Uni ou encore la l\u00e9gislation fran\u00e7aise sur le travail temporaire exigent une surveillance continue dans la gestion int\u00e9rim.<\/p>\n<h2>Comment la technologie simplifie la gestion int\u00e9rim<\/h2>\n<p>Les logiciels de gestion int\u00e9rim (VMS), comme Pixid VMS, jouent un r\u00f4le cl\u00e9 pour aider employeurs et agences \u00e0 piloter la complexit\u00e9 des effectifs temporaires dans une strat\u00e9gie RH mixte.<\/p>\n<p>Gr\u00e2ce \u00e0 un VMS, il devient possible de :<\/p>\n<ul>\n<li><strong>Obtenir une visibilit\u00e9<\/strong> en temps r\u00e9el sur les co\u00fbts, les fournisseurs et les missions d\u2019int\u00e9rim.<\/li>\n<li><strong>Standardiser les processus<\/strong> entre services, sites et partenaires.<\/li>\n<li><strong>Garantir la conformit\u00e9<\/strong> gr\u00e2ce \u00e0 l\u2019automatisation des r\u00e8gles et \u00e0 une documentation fiable.<\/li>\n<li><strong>Optimiser les d\u00e9penses<\/strong> via des donn\u00e9es consolid\u00e9es facilitant les n\u00e9gociations et la ma\u00eetrise des co\u00fbts.<\/li>\n<li><strong>Renforcer la collaboration<\/strong> entre les entreprises et les agences d\u2019int\u00e9rim pour la gestion des demandes, des candidats, des feuilles de temps et de la facturation.<\/li>\n<\/ul>\n<p><br \/>Pour les agences, un VMS contribue \u00e9galement \u00e0 am\u00e9liorer la transparence, la r\u00e9activit\u00e9 et la qualit\u00e9 du service rendu aux clients.<\/p>\n<h2>Conclusion : la gestion int\u00e9rim, un enjeu durable<\/h2>\n<p>La gestion int\u00e9rim occupe d\u00e9sormais une place strat\u00e9gique dans de nombreuses organisations. \u00c0 mesure que la proportion de travailleurs temporaires augmente, la visibilit\u00e9, la conformit\u00e9 et la ma\u00eetrise des co\u00fbts deviennent essentielles.<\/p>\n<p>Avec une solution adapt\u00e9e comme un logiciel de gestion int\u00e9rim, il est possible de g\u00e9rer en toute confiance des effectifs mixtes, en conciliant flexibilit\u00e9, contr\u00f4le op\u00e9rationnel et stabilit\u00e9 \u00e0 long terme.<\/p>\n<\/div>\n<div class=\"wp-block-button aligncenter bouton-article\" style=\"text-align: center\"><a class=\"wp-block-button__link has-background\" style=\"background-color: #008cd7;border-radius: 6px\" href=\"https:\/\/www.pixid-vms.com\/ch\/fr\/nous-contacter\/\">Contactez-nous<\/a><\/div>","protected":false},"excerpt":{"rendered":"<p>D\u00e9couvrez comment une gestion int\u00e9rim efficace permet de combiner personnel permanent et int\u00e9rimaires\u202f: visibilit\u00e9, conformit\u00e9 et ma\u00eetrise des co\u00fbts gr\u00e2ce aux solutions VMS adapt\u00e9es \u00e0 vos besoins.<\/p>\n","protected":false},"author":29,"featured_media":6601,"comment_status":"closed","ping_status":"closed","sticky":false,"template":"","format":"standard","meta":{"_acf_changed":false,"footnotes":""},"categories":[61],"tags":[],"class_list":["post-6600","post","type-post","status-publish","format-standard","has-post-thumbnail","hentry","category-blog-fr"],"acf":[],"yoast_head":"<!-- This site is optimized with the Yoast SEO plugin v27.4 - https:\/\/yoast.com\/product\/yoast-seo-wordpress\/ -->\n<title>Gestion int\u00e9rim : combiner personnel permanent et temporaire<\/title>\n<meta name=\"description\" content=\"D\u00e9couvrez comment une gestion int\u00e9rim efficace permet de combiner personnel permanent et int\u00e9rimaires\u202f: visibilit\u00e9, conformit\u00e9 et ma\u00eetrise des co\u00fbts gr\u00e2ce aux solutions VMS adapt\u00e9es \u00e0 vos besoins.\" \/>\n<meta name=\"robots\" content=\"index, follow, max-snippet:-1, max-image-preview:large, max-video-preview:-1\" \/>\n<link rel=\"canonical\" href=\"https:\/\/www.pixid-vms.com\/ch\/fr\/blog-fr\/gestion-interim-personnel-permanent-temporaire\/\" \/>\n<meta property=\"og:locale\" content=\"de_DE\" \/>\n<meta property=\"og:type\" content=\"article\" \/>\n<meta property=\"og:title\" content=\"Gestion int\u00e9rim : combiner personnel permanent et temporaire\" \/>\n<meta property=\"og:description\" content=\"D\u00e9couvrez comment une gestion int\u00e9rim efficace permet de combiner personnel permanent et int\u00e9rimaires\u202f: visibilit\u00e9, conformit\u00e9 et ma\u00eetrise des co\u00fbts gr\u00e2ce aux solutions VMS adapt\u00e9es \u00e0 vos besoins.\" \/>\n<meta property=\"og:url\" content=\"https:\/\/www.pixid-vms.com\/ch\/fr\/blog-fr\/gestion-interim-personnel-permanent-temporaire\/\" \/>\n<meta property=\"og:site_name\" content=\"PIXID VMS SCHWEIZ\" \/>\n<meta property=\"article:published_time\" content=\"2025-06-12T13:59:00+00:00\" \/>\n<meta property=\"article:modified_time\" content=\"2025-08-25T14:33:55+00:00\" \/>\n<meta property=\"og:image\" content=\"https:\/\/www.pixid-vms.com\/ch\/wp-content\/uploads\/sites\/7\/2025\/08\/Contingent-workforce-management-social.jpg\" \/>\n\t<meta property=\"og:image:width\" content=\"1200\" \/>\n\t<meta property=\"og:image:height\" content=\"630\" \/>\n\t<meta property=\"og:image:type\" content=\"image\/jpeg\" \/>\n<meta name=\"author\" content=\"onsbenabdallah\" \/>\n<meta name=\"twitter:card\" content=\"summary_large_image\" \/>\n<meta name=\"twitter:image\" content=\"https:\/\/www.pixid-vms.com\/ch\/wp-content\/uploads\/sites\/7\/2025\/08\/Contingent-workforce-management-social.jpg\" \/>\n<meta name=\"twitter:creator\" content=\"@PIXID_Group\" \/>\n<meta name=\"twitter:site\" content=\"@PIXID_Group\" \/>\n<meta name=\"twitter:label1\" content=\"Geschrieben von\" \/>\n\t<meta name=\"twitter:data1\" content=\"onsbenabdallah\" \/>\n\t<meta name=\"twitter:label2\" content=\"Gesch\u00e4tzte Lesezeit\" \/>\n\t<meta name=\"twitter:data2\" content=\"4 Minuten\" \/>\n<script type=\"application\/ld+json\" class=\"yoast-schema-graph\">{\"@context\":\"https:\\\/\\\/schema.org\",\"@graph\":[{\"@type\":\"Article\",\"@id\":\"https:\\\/\\\/www.pixid-vms.com\\\/ch\\\/fr\\\/blog-fr\\\/gestion-interim-personnel-permanent-temporaire\\\/#article\",\"isPartOf\":{\"@id\":\"https:\\\/\\\/www.pixid-vms.com\\\/ch\\\/fr\\\/blog-fr\\\/gestion-interim-personnel-permanent-temporaire\\\/\"},\"author\":{\"name\":\"onsbenabdallah\",\"@id\":\"https:\\\/\\\/www.pixid-vms.com\\\/ch\\\/#\\\/schema\\\/person\\\/d5dd6da4a393961020f594933df933c3\"},\"headline\":\"Gestion int\u00e9rim : combiner personnel permanent et temporaire\",\"datePublished\":\"2025-06-12T13:59:00+00:00\",\"dateModified\":\"2025-08-25T14:33:55+00:00\",\"mainEntityOfPage\":{\"@id\":\"https:\\\/\\\/www.pixid-vms.com\\\/ch\\\/fr\\\/blog-fr\\\/gestion-interim-personnel-permanent-temporaire\\\/\"},\"wordCount\":728,\"publisher\":{\"@id\":\"https:\\\/\\\/www.pixid-vms.com\\\/ch\\\/#organization\"},\"image\":{\"@id\":\"https:\\\/\\\/www.pixid-vms.com\\\/ch\\\/fr\\\/blog-fr\\\/gestion-interim-personnel-permanent-temporaire\\\/#primaryimage\"},\"thumbnailUrl\":\"https:\\\/\\\/www.pixid-vms.com\\\/ch\\\/wp-content\\\/uploads\\\/sites\\\/7\\\/2025\\\/08\\\/Contingent-workforce-management.jpg\",\"articleSection\":[\"Blog FR\"],\"inLanguage\":\"de-CH\"},{\"@type\":\"WebPage\",\"@id\":\"https:\\\/\\\/www.pixid-vms.com\\\/ch\\\/fr\\\/blog-fr\\\/gestion-interim-personnel-permanent-temporaire\\\/\",\"url\":\"https:\\\/\\\/www.pixid-vms.com\\\/ch\\\/fr\\\/blog-fr\\\/gestion-interim-personnel-permanent-temporaire\\\/\",\"name\":\"Gestion int\u00e9rim : combiner personnel permanent et temporaire\",\"isPartOf\":{\"@id\":\"https:\\\/\\\/www.pixid-vms.com\\\/ch\\\/#website\"},\"primaryImageOfPage\":{\"@id\":\"https:\\\/\\\/www.pixid-vms.com\\\/ch\\\/fr\\\/blog-fr\\\/gestion-interim-personnel-permanent-temporaire\\\/#primaryimage\"},\"image\":{\"@id\":\"https:\\\/\\\/www.pixid-vms.com\\\/ch\\\/fr\\\/blog-fr\\\/gestion-interim-personnel-permanent-temporaire\\\/#primaryimage\"},\"thumbnailUrl\":\"https:\\\/\\\/www.pixid-vms.com\\\/ch\\\/wp-content\\\/uploads\\\/sites\\\/7\\\/2025\\\/08\\\/Contingent-workforce-management.jpg\",\"datePublished\":\"2025-06-12T13:59:00+00:00\",\"dateModified\":\"2025-08-25T14:33:55+00:00\",\"description\":\"D\u00e9couvrez comment une gestion int\u00e9rim efficace permet de combiner personnel permanent et int\u00e9rimaires\u202f: visibilit\u00e9, conformit\u00e9 et ma\u00eetrise des co\u00fbts gr\u00e2ce aux solutions VMS adapt\u00e9es \u00e0 vos besoins.\",\"breadcrumb\":{\"@id\":\"https:\\\/\\\/www.pixid-vms.com\\\/ch\\\/fr\\\/blog-fr\\\/gestion-interim-personnel-permanent-temporaire\\\/#breadcrumb\"},\"inLanguage\":\"de-CH\",\"potentialAction\":[{\"@type\":\"ReadAction\",\"target\":[\"https:\\\/\\\/www.pixid-vms.com\\\/ch\\\/fr\\\/blog-fr\\\/gestion-interim-personnel-permanent-temporaire\\\/\"]}]},{\"@type\":\"ImageObject\",\"inLanguage\":\"de-CH\",\"@id\":\"https:\\\/\\\/www.pixid-vms.com\\\/ch\\\/fr\\\/blog-fr\\\/gestion-interim-personnel-permanent-temporaire\\\/#primaryimage\",\"url\":\"https:\\\/\\\/www.pixid-vms.com\\\/ch\\\/wp-content\\\/uploads\\\/sites\\\/7\\\/2025\\\/08\\\/Contingent-workforce-management.jpg\",\"contentUrl\":\"https:\\\/\\\/www.pixid-vms.com\\\/ch\\\/wp-content\\\/uploads\\\/sites\\\/7\\\/2025\\\/08\\\/Contingent-workforce-management.jpg\",\"width\":680,\"height\":350},{\"@type\":\"BreadcrumbList\",\"@id\":\"https:\\\/\\\/www.pixid-vms.com\\\/ch\\\/fr\\\/blog-fr\\\/gestion-interim-personnel-permanent-temporaire\\\/#breadcrumb\",\"itemListElement\":[{\"@type\":\"ListItem\",\"position\":1,\"name\":\"Home\",\"item\":\"https:\\\/\\\/www.pixid-vms.com\\\/ch\\\/\"},{\"@type\":\"ListItem\",\"position\":2,\"name\":\"Gestion int\u00e9rim : combiner personnel permanent et temporaire\"}]},{\"@type\":\"WebSite\",\"@id\":\"https:\\\/\\\/www.pixid-vms.com\\\/ch\\\/#website\",\"url\":\"https:\\\/\\\/www.pixid-vms.com\\\/ch\\\/\",\"name\":\"PIXID VMS SCHWEIZ\",\"description\":\"External workforce management\",\"publisher\":{\"@id\":\"https:\\\/\\\/www.pixid-vms.com\\\/ch\\\/#organization\"},\"potentialAction\":[{\"@type\":\"SearchAction\",\"target\":{\"@type\":\"EntryPoint\",\"urlTemplate\":\"https:\\\/\\\/www.pixid-vms.com\\\/ch\\\/?s={search_term_string}\"},\"query-input\":{\"@type\":\"PropertyValueSpecification\",\"valueRequired\":true,\"valueName\":\"search_term_string\"}}],\"inLanguage\":\"de-CH\"},{\"@type\":\"Organization\",\"@id\":\"https:\\\/\\\/www.pixid-vms.com\\\/ch\\\/#organization\",\"name\":\"PIXID VMS\",\"url\":\"https:\\\/\\\/www.pixid-vms.com\\\/ch\\\/\",\"logo\":{\"@type\":\"ImageObject\",\"inLanguage\":\"de-CH\",\"@id\":\"https:\\\/\\\/www.pixid-vms.com\\\/ch\\\/#\\\/schema\\\/logo\\\/image\\\/\",\"url\":\"https:\\\/\\\/www.pixid-vms.com\\\/ch\\\/wp-content\\\/uploads\\\/sites\\\/7\\\/2022\\\/10\\\/PIXIDVMS-logo-colour.png\",\"contentUrl\":\"https:\\\/\\\/www.pixid-vms.com\\\/ch\\\/wp-content\\\/uploads\\\/sites\\\/7\\\/2022\\\/10\\\/PIXIDVMS-logo-colour.png\",\"width\":3238,\"height\":625,\"caption\":\"PIXID VMS\"},\"image\":{\"@id\":\"https:\\\/\\\/www.pixid-vms.com\\\/ch\\\/#\\\/schema\\\/logo\\\/image\\\/\"},\"sameAs\":[\"https:\\\/\\\/x.com\\\/PIXID_Group\",\"https:\\\/\\\/www.linkedin.com\\\/company\\\/pixid\\\/\"]},{\"@type\":\"Person\",\"@id\":\"https:\\\/\\\/www.pixid-vms.com\\\/ch\\\/#\\\/schema\\\/person\\\/d5dd6da4a393961020f594933df933c3\",\"name\":\"onsbenabdallah\",\"image\":{\"@type\":\"ImageObject\",\"inLanguage\":\"de-CH\",\"@id\":\"https:\\\/\\\/secure.gravatar.com\\\/avatar\\\/14de181e7d5b334eff39d684ed219c16cc06d8eb25b8cc69d7f3cb766044e4a7?s=96&d=mm&r=g\",\"url\":\"https:\\\/\\\/secure.gravatar.com\\\/avatar\\\/14de181e7d5b334eff39d684ed219c16cc06d8eb25b8cc69d7f3cb766044e4a7?s=96&d=mm&r=g\",\"contentUrl\":\"https:\\\/\\\/secure.gravatar.com\\\/avatar\\\/14de181e7d5b334eff39d684ed219c16cc06d8eb25b8cc69d7f3cb766044e4a7?s=96&d=mm&r=g\",\"caption\":\"onsbenabdallah\"}}]}<\/script>\n<!-- \/ Yoast SEO plugin. -->","yoast_head_json":{"title":"Gestion int\u00e9rim : combiner personnel permanent et temporaire","description":"D\u00e9couvrez comment une gestion int\u00e9rim efficace permet de combiner personnel permanent et int\u00e9rimaires\u202f: visibilit\u00e9, conformit\u00e9 et ma\u00eetrise des co\u00fbts gr\u00e2ce aux solutions VMS adapt\u00e9es \u00e0 vos besoins.","robots":{"index":"index","follow":"follow","max-snippet":"max-snippet:-1","max-image-preview":"max-image-preview:large","max-video-preview":"max-video-preview:-1"},"canonical":"https:\/\/www.pixid-vms.com\/ch\/fr\/blog-fr\/gestion-interim-personnel-permanent-temporaire\/","og_locale":"de_DE","og_type":"article","og_title":"Gestion int\u00e9rim : combiner personnel permanent et temporaire","og_description":"D\u00e9couvrez comment une gestion int\u00e9rim efficace permet de combiner personnel permanent et int\u00e9rimaires\u202f: visibilit\u00e9, conformit\u00e9 et ma\u00eetrise des co\u00fbts gr\u00e2ce aux solutions VMS adapt\u00e9es \u00e0 vos besoins.","og_url":"https:\/\/www.pixid-vms.com\/ch\/fr\/blog-fr\/gestion-interim-personnel-permanent-temporaire\/","og_site_name":"PIXID VMS SCHWEIZ","article_published_time":"2025-06-12T13:59:00+00:00","article_modified_time":"2025-08-25T14:33:55+00:00","og_image":[{"width":1200,"height":630,"url":"https:\/\/www.pixid-vms.com\/ch\/wp-content\/uploads\/sites\/7\/2025\/08\/Contingent-workforce-management-social.jpg","type":"image\/jpeg"}],"author":"onsbenabdallah","twitter_card":"summary_large_image","twitter_image":"https:\/\/www.pixid-vms.com\/ch\/wp-content\/uploads\/sites\/7\/2025\/08\/Contingent-workforce-management-social.jpg","twitter_creator":"@PIXID_Group","twitter_site":"@PIXID_Group","twitter_misc":{"Geschrieben von":"onsbenabdallah","Gesch\u00e4tzte Lesezeit":"4 Minuten"},"schema":{"@context":"https:\/\/schema.org","@graph":[{"@type":"Article","@id":"https:\/\/www.pixid-vms.com\/ch\/fr\/blog-fr\/gestion-interim-personnel-permanent-temporaire\/#article","isPartOf":{"@id":"https:\/\/www.pixid-vms.com\/ch\/fr\/blog-fr\/gestion-interim-personnel-permanent-temporaire\/"},"author":{"name":"onsbenabdallah","@id":"https:\/\/www.pixid-vms.com\/ch\/#\/schema\/person\/d5dd6da4a393961020f594933df933c3"},"headline":"Gestion int\u00e9rim : combiner personnel permanent et temporaire","datePublished":"2025-06-12T13:59:00+00:00","dateModified":"2025-08-25T14:33:55+00:00","mainEntityOfPage":{"@id":"https:\/\/www.pixid-vms.com\/ch\/fr\/blog-fr\/gestion-interim-personnel-permanent-temporaire\/"},"wordCount":728,"publisher":{"@id":"https:\/\/www.pixid-vms.com\/ch\/#organization"},"image":{"@id":"https:\/\/www.pixid-vms.com\/ch\/fr\/blog-fr\/gestion-interim-personnel-permanent-temporaire\/#primaryimage"},"thumbnailUrl":"https:\/\/www.pixid-vms.com\/ch\/wp-content\/uploads\/sites\/7\/2025\/08\/Contingent-workforce-management.jpg","articleSection":["Blog FR"],"inLanguage":"de-CH"},{"@type":"WebPage","@id":"https:\/\/www.pixid-vms.com\/ch\/fr\/blog-fr\/gestion-interim-personnel-permanent-temporaire\/","url":"https:\/\/www.pixid-vms.com\/ch\/fr\/blog-fr\/gestion-interim-personnel-permanent-temporaire\/","name":"Gestion int\u00e9rim : combiner personnel permanent et temporaire","isPartOf":{"@id":"https:\/\/www.pixid-vms.com\/ch\/#website"},"primaryImageOfPage":{"@id":"https:\/\/www.pixid-vms.com\/ch\/fr\/blog-fr\/gestion-interim-personnel-permanent-temporaire\/#primaryimage"},"image":{"@id":"https:\/\/www.pixid-vms.com\/ch\/fr\/blog-fr\/gestion-interim-personnel-permanent-temporaire\/#primaryimage"},"thumbnailUrl":"https:\/\/www.pixid-vms.com\/ch\/wp-content\/uploads\/sites\/7\/2025\/08\/Contingent-workforce-management.jpg","datePublished":"2025-06-12T13:59:00+00:00","dateModified":"2025-08-25T14:33:55+00:00","description":"D\u00e9couvrez comment une gestion int\u00e9rim efficace permet de combiner personnel permanent et int\u00e9rimaires\u202f: visibilit\u00e9, conformit\u00e9 et ma\u00eetrise des co\u00fbts gr\u00e2ce aux solutions VMS adapt\u00e9es \u00e0 vos besoins.","breadcrumb":{"@id":"https:\/\/www.pixid-vms.com\/ch\/fr\/blog-fr\/gestion-interim-personnel-permanent-temporaire\/#breadcrumb"},"inLanguage":"de-CH","potentialAction":[{"@type":"ReadAction","target":["https:\/\/www.pixid-vms.com\/ch\/fr\/blog-fr\/gestion-interim-personnel-permanent-temporaire\/"]}]},{"@type":"ImageObject","inLanguage":"de-CH","@id":"https:\/\/www.pixid-vms.com\/ch\/fr\/blog-fr\/gestion-interim-personnel-permanent-temporaire\/#primaryimage","url":"https:\/\/www.pixid-vms.com\/ch\/wp-content\/uploads\/sites\/7\/2025\/08\/Contingent-workforce-management.jpg","contentUrl":"https:\/\/www.pixid-vms.com\/ch\/wp-content\/uploads\/sites\/7\/2025\/08\/Contingent-workforce-management.jpg","width":680,"height":350},{"@type":"BreadcrumbList","@id":"https:\/\/www.pixid-vms.com\/ch\/fr\/blog-fr\/gestion-interim-personnel-permanent-temporaire\/#breadcrumb","itemListElement":[{"@type":"ListItem","position":1,"name":"Home","item":"https:\/\/www.pixid-vms.com\/ch\/"},{"@type":"ListItem","position":2,"name":"Gestion int\u00e9rim : combiner personnel permanent et temporaire"}]},{"@type":"WebSite","@id":"https:\/\/www.pixid-vms.com\/ch\/#website","url":"https:\/\/www.pixid-vms.com\/ch\/","name":"PIXID VMS SCHWEIZ","description":"External workforce management","publisher":{"@id":"https:\/\/www.pixid-vms.com\/ch\/#organization"},"potentialAction":[{"@type":"SearchAction","target":{"@type":"EntryPoint","urlTemplate":"https:\/\/www.pixid-vms.com\/ch\/?s={search_term_string}"},"query-input":{"@type":"PropertyValueSpecification","valueRequired":true,"valueName":"search_term_string"}}],"inLanguage":"de-CH"},{"@type":"Organization","@id":"https:\/\/www.pixid-vms.com\/ch\/#organization","name":"PIXID VMS","url":"https:\/\/www.pixid-vms.com\/ch\/","logo":{"@type":"ImageObject","inLanguage":"de-CH","@id":"https:\/\/www.pixid-vms.com\/ch\/#\/schema\/logo\/image\/","url":"https:\/\/www.pixid-vms.com\/ch\/wp-content\/uploads\/sites\/7\/2022\/10\/PIXIDVMS-logo-colour.png","contentUrl":"https:\/\/www.pixid-vms.com\/ch\/wp-content\/uploads\/sites\/7\/2022\/10\/PIXIDVMS-logo-colour.png","width":3238,"height":625,"caption":"PIXID VMS"},"image":{"@id":"https:\/\/www.pixid-vms.com\/ch\/#\/schema\/logo\/image\/"},"sameAs":["https:\/\/x.com\/PIXID_Group","https:\/\/www.linkedin.com\/company\/pixid\/"]},{"@type":"Person","@id":"https:\/\/www.pixid-vms.com\/ch\/#\/schema\/person\/d5dd6da4a393961020f594933df933c3","name":"onsbenabdallah","image":{"@type":"ImageObject","inLanguage":"de-CH","@id":"https:\/\/secure.gravatar.com\/avatar\/14de181e7d5b334eff39d684ed219c16cc06d8eb25b8cc69d7f3cb766044e4a7?s=96&d=mm&r=g","url":"https:\/\/secure.gravatar.com\/avatar\/14de181e7d5b334eff39d684ed219c16cc06d8eb25b8cc69d7f3cb766044e4a7?s=96&d=mm&r=g","contentUrl":"https:\/\/secure.gravatar.com\/avatar\/14de181e7d5b334eff39d684ed219c16cc06d8eb25b8cc69d7f3cb766044e4a7?s=96&d=mm&r=g","caption":"onsbenabdallah"}}]}},"lang":"fr","translations":{"fr":6600,"de":6560,"it":6699},"pll_sync_post":[],"_links":{"self":[{"href":"https:\/\/www.pixid-vms.com\/ch\/wp-json\/wp\/v2\/posts\/6600","targetHints":{"allow":["GET"]}}],"collection":[{"href":"https:\/\/www.pixid-vms.com\/ch\/wp-json\/wp\/v2\/posts"}],"about":[{"href":"https:\/\/www.pixid-vms.com\/ch\/wp-json\/wp\/v2\/types\/post"}],"author":[{"embeddable":true,"href":"https:\/\/www.pixid-vms.com\/ch\/wp-json\/wp\/v2\/users\/29"}],"replies":[{"embeddable":true,"href":"https:\/\/www.pixid-vms.com\/ch\/wp-json\/wp\/v2\/comments?post=6600"}],"version-history":[{"count":0,"href":"https:\/\/www.pixid-vms.com\/ch\/wp-json\/wp\/v2\/posts\/6600\/revisions"}],"wp:featuredmedia":[{"embeddable":true,"href":"https:\/\/www.pixid-vms.com\/ch\/wp-json\/wp\/v2\/media\/6601"}],"wp:attachment":[{"href":"https:\/\/www.pixid-vms.com\/ch\/wp-json\/wp\/v2\/media?parent=6600"}],"wp:term":[{"taxonomy":"category","embeddable":true,"href":"https:\/\/www.pixid-vms.com\/ch\/wp-json\/wp\/v2\/categories?post=6600"},{"taxonomy":"post_tag","embeddable":true,"href":"https:\/\/www.pixid-vms.com\/ch\/wp-json\/wp\/v2\/tags?post=6600"}],"curies":[{"name":"wp","href":"https:\/\/api.w.org\/{rel}","templated":true}]}}