{"id":11661,"date":"2025-07-10T13:01:04","date_gmt":"2025-07-10T12:01:04","guid":{"rendered":"https:\/\/www.pixid-vms.com\/es\/?p=11661"},"modified":"2025-08-06T09:28:32","modified_gmt":"2025-08-06T08:28:32","slug":"gestion-personal-temporal-combinar-exito","status":"publish","type":"post","link":"https:\/\/www.pixid-vms.com\/es\/blog\/gestion-personal-temporal-combinar-exito\/","title":{"rendered":"Gesti\u00f3n de personal temporal: empleados fijos y eventuales"},"content":{"rendered":"<div style=\"margin-top: 0px; margin-bottom: 0px;\" class=\"sharethis-inline-share-buttons\" ><\/div>\n<h1 class=\"wp-block-heading titre-article\">Gesti\u00f3n de personal temporal: c\u00f3mo combinar con \u00e9xito empleados fijos y eventuales<\/h1>\n\n\n\n<p>En el panorama actual de los recursos humanos, muchas organizaciones han adoptado ya una estrategia de plantilla mixta, combinando empleados fijos con diferentes perfiles de personal temporal, como trabajadores de agencia, aut\u00f3nomos y contratistas. Este enfoque, lejos de ser novedoso, se ha consolidado como una v\u00eda eficaz para acceder a competencias espec\u00edficas, mantener la agilidad y controlar los costes, adapt\u00e1ndose r\u00e1pidamente a las fluctuaciones en la demanda de personal.<\/p>\n\n\n\n<p>Seg\u00fan datos de los principales analistas del sector, la dependencia del personal temporal est\u00e1 creciendo de forma constante. Por ejemplo, Gartner indica que los trabajadores temporales podr\u00edan representar entre el 35\u202f% y el 40\u202f% de la fuerza laboral mundial en los pr\u00f3ximos a\u00f1os. Esta tendencia subraya la creciente b\u00fasqueda de flexibilidad y de habilidades especializadas por parte de las empresas. Adem\u00e1s, Staffing Industry Analysts (SIA) destaca reiteradamente el papel esencial que desempe\u00f1a el trabajo temporal, especialmente a trav\u00e9s de agencias, en el mercado laboral internacional.<\/p>\n\n\n\n<div style=\"height:20px\" aria-hidden=\"true\" class=\"wp-block-spacer\"><\/div>\n\n\n\n<figure class=\"wp-block-image aligncenter size-full\"><img decoding=\"async\" src=\"https:\/\/www.pixid-vms.com\/wp-content\/uploads\/2025\/06\/Hybrid-workforce-strategies.jpg\" alt=\"\" class=\"wp-image-11646\" \/><\/figure>\n\n\n\n<div style=\"height:30px\" aria-hidden=\"true\" class=\"wp-block-spacer\"><\/div>\n\n\n<div class=\"texte-article\">\n<h2>\u00bfPor qu\u00e9 la gesti\u00f3n del personal temporal es cada vez m\u00e1s prioritaria?<\/h2>\n<p>Varios factores impulsan la adopci\u00f3n de modelos de plantilla que combinan personal fijo y eventual:<\/p>\n<ul>\n<li><strong>Incertidumbre econ\u00f3mica:<\/strong> las empresas necesitan poder aumentar o reducir su plantilla r\u00e1pidamente, en funci\u00f3n de la demanda.<\/li>\n<li><strong>Escasez de talento:<\/strong> los trabajadores eventuales facilitan el acceso \u00e1gil a competencias escasas o muy especializadas.<\/li>\n<li><strong>Trabajo por proyectos:<\/strong> muchas organizaciones operan ahora con equipos temporales para proyectos espec\u00edficos.<\/li>\n<li><strong>Preferencias de los profesionales:<\/strong> cada vez m\u00e1s personas optan por contratos flexibles, colaboraciones freelance o trabajo temporal para disfrutar de mayor autonom\u00eda.<\/li>\n<\/ul>\n<p>Para muchas empresas, el personal eventual ha dejado de ser un simple apoyo puntual y se ha convertido en una parte fundamental de la estrategia de recursos humanos.<\/p>\n<h2>Los retos de gestionar conjuntamente personal temporal y fijo<\/h2>\n<p>Aunque los modelos mixtos se est\u00e1n normalizando, conllevan retos espec\u00edficos:<\/p>\n<ul>\n<li><strong>Visibilidad y reporting:<\/strong> sin datos centralizados, es dif\u00edcil supervisar la composici\u00f3n global de la plantilla, los costes y el rendimiento de los proveedores.<\/li>\n<li><strong>Cumplimiento normativo:<\/strong> la clasificaci\u00f3n de trabajadores, las obligaciones fiscales y la normativa laboral var\u00edan significativamente, sobre todo en Europa.<\/li>\n<li><strong>Control de costes:<\/strong> sin una visi\u00f3n completa, los costes asociados al personal temporal pueden aumentar r\u00e1pidamente.<\/li>\n<li><strong>Gesti\u00f3n de proveedores:<\/strong> coordinar varios proveedores, aut\u00f3nomos y equipos internos exige procesos eficientes y escalables.<\/li>\n<\/ul>\n<p>Por ejemplo, regulaciones como la Directiva sobre el desplazamiento de trabajadores de la UE, las normas IR35 en Reino Unido o la normativa nacional sobre trabajo temporal exigen una supervisi\u00f3n constante. Adem\u00e1s, <a href=\"https:\/\/www.ela.europa.eu\/es\">la Autoridad Laboral Europea<\/a> (ELA) vigila las pr\u00e1cticas laborales transfronterizas en la UE.<\/p>\n<h2>C\u00f3mo la tecnolog\u00eda facilita la gesti\u00f3n eficaz del personal temporal<\/h2>\n<p>Las soluciones tecnol\u00f3gicas, como los sistemas de gesti\u00f3n de proveedores (VMS), juegan un papel esencial para ayudar tanto a empresas como a agencias a gestionar la complejidad de la plantilla eventual en entornos mixtos.<\/p>\n<p>Con un VMS, las organizaciones pueden:<\/p>\n<ul>\n<li>Obtener visibilidad en tiempo real sobre costes, proveedores, asignaciones y rendimiento del personal eventual.<\/li>\n<li>Estandarizar procesos en distintas unidades de negocio, ubicaciones y proveedores.<\/li>\n<li>Garantizar el cumplimiento normativo mediante automatizaci\u00f3n de pol\u00edticas, registros de auditor\u00eda y documentaci\u00f3n coherente.<\/li>\n<li>Optimizar el gasto gracias a datos consolidados que apoyan la negociaci\u00f3n con proveedores y el control de costes.<\/li>\n<li>Reforzar la colaboraci\u00f3n entre equipos internos y proveedores de personal en solicitudes, selecci\u00f3n de candidatos, control horario y facturaci\u00f3n.<\/li>\n<\/ul>\n<p>Para las agencias de empleo, contar con un VMS tambi\u00e9n significa ofrecer mayor transparencia, capacidad de respuesta y calidad de servicio a los clientes, lo que fortalece las relaciones comerciales a largo plazo.<\/p>\n<h2>Conclusi\u00f3n: una estrategia de personal a largo plazo<\/h2>\n<p>La gesti\u00f3n del personal temporal es ya fundamental para el \u00e9xito de muchas organizaciones. A medida que la proporci\u00f3n de trabajo temporal sigue creciendo, la visibilidad, el cumplimiento normativo y el control de costes cobran a\u00fan m\u00e1s importancia.<\/p>\n<p>Con la tecnolog\u00eda adecuada, como los sistemas VMS, las empresas pueden gestionar con confianza equipos mixtos y complejos, equilibrando la flexibilidad con el control operativo y la estabilidad a largo plazo.<\/p>\n<\/div>\n<div class=\"wp-block-button aligncenter bouton-article\" style=\"text-align: center\"><a class=\"wp-block-button__link has-background\" style=\"background-color: #008cd7;border-radius: 6px\" href=\"https:\/\/www.pixid-vms.com\/contact-us\/\">Contact Us Today<\/a><\/div>","protected":false},"excerpt":{"rendered":"<p>En este art\u00edculo exploramos c\u00f3mo las empresas pueden combinar eficazmente empleados fijos y personal temporal, superando los retos de la gesti\u00f3n mixta con ayuda de la tecnolog\u00eda. Descubra las claves para optimizar procesos, garantizar el cumplimiento normativo y mejorar la visibilidad sobre su plantilla.<\/p>\n","protected":false},"author":22,"featured_media":11662,"comment_status":"closed","ping_status":"closed","sticky":false,"template":"","format":"standard","meta":{"_acf_changed":false,"footnotes":""},"categories":[9],"tags":[],"class_list":["post-11661","post","type-post","status-publish","format-standard","has-post-thumbnail","hentry","category-blog"],"acf":[],"yoast_head":"<!-- This site is optimized with the Yoast SEO plugin v27.4 - https:\/\/yoast.com\/product\/yoast-seo-wordpress\/ -->\n<title>Gesti\u00f3n de personal temporal: empleados fijos y eventuales<\/title>\n<meta name=\"description\" content=\"Descubra c\u00f3mo gestionar el personal temporal junto al fijo y optimizar procesos de trabajo temporal en su empresa con tecnolog\u00eda avanzada para RRHH.\" \/>\n<meta name=\"robots\" content=\"index, follow, max-snippet:-1, max-image-preview:large, max-video-preview:-1\" \/>\n<link rel=\"canonical\" href=\"https:\/\/www.pixid-vms.com\/es\/blog\/gestion-personal-temporal-combinar-exito\/\" \/>\n<meta property=\"og:locale\" content=\"es_ES\" \/>\n<meta property=\"og:type\" content=\"article\" \/>\n<meta property=\"og:title\" content=\"Gesti\u00f3n de personal temporal: empleados fijos y eventuales\" \/>\n<meta property=\"og:description\" content=\"Descubra c\u00f3mo gestionar el personal temporal junto al fijo y optimizar procesos de trabajo temporal en su empresa con tecnolog\u00eda avanzada para RRHH.\" \/>\n<meta property=\"og:url\" content=\"https:\/\/www.pixid-vms.com\/es\/blog\/gestion-personal-temporal-combinar-exito\/\" \/>\n<meta property=\"og:site_name\" content=\"PIXID VMS ESPA\u00d1A\" \/>\n<meta property=\"article:published_time\" content=\"2025-07-10T12:01:04+00:00\" \/>\n<meta property=\"article:modified_time\" content=\"2025-08-06T08:28:32+00:00\" \/>\n<meta name=\"author\" content=\"daniel kieve\" \/>\n<meta name=\"twitter:card\" content=\"summary_large_image\" \/>\n<meta name=\"twitter:creator\" content=\"@PIXID_Group\" \/>\n<meta name=\"twitter:site\" content=\"@PIXID_Group\" \/>\n<meta name=\"twitter:label1\" content=\"Escrito por\" \/>\n\t<meta name=\"twitter:data1\" content=\"daniel kieve\" \/>\n\t<meta name=\"twitter:label2\" content=\"Tiempo de lectura\" \/>\n\t<meta name=\"twitter:data2\" content=\"4 minutos\" \/>\n<script type=\"application\/ld+json\" class=\"yoast-schema-graph\">{\"@context\":\"https:\\\/\\\/schema.org\",\"@graph\":[{\"@type\":\"Article\",\"@id\":\"https:\\\/\\\/www.pixid-vms.com\\\/es\\\/blog\\\/gestion-personal-temporal-combinar-exito\\\/#article\",\"isPartOf\":{\"@id\":\"https:\\\/\\\/www.pixid-vms.com\\\/es\\\/blog\\\/gestion-personal-temporal-combinar-exito\\\/\"},\"author\":{\"name\":\"daniel kieve\",\"@id\":\"https:\\\/\\\/www.pixid-vms.com\\\/es\\\/#\\\/schema\\\/person\\\/487b31adb5ff8daf14fc06ad6a531a7c\"},\"headline\":\"Gesti\u00f3n de personal temporal: empleados fijos y eventuales\",\"datePublished\":\"2025-07-10T12:01:04+00:00\",\"dateModified\":\"2025-08-06T08:28:32+00:00\",\"mainEntityOfPage\":{\"@id\":\"https:\\\/\\\/www.pixid-vms.com\\\/es\\\/blog\\\/gestion-personal-temporal-combinar-exito\\\/\"},\"wordCount\":728,\"publisher\":{\"@id\":\"https:\\\/\\\/www.pixid-vms.com\\\/es\\\/#organization\"},\"image\":{\"@id\":\"https:\\\/\\\/www.pixid-vms.com\\\/es\\\/blog\\\/gestion-personal-temporal-combinar-exito\\\/#primaryimage\"},\"thumbnailUrl\":\"https:\\\/\\\/www.pixid-vms.com\\\/es\\\/wp-content\\\/uploads\\\/sites\\\/13\\\/2025\\\/06\\\/Hybrid-workforce-strategies.jpg\",\"articleSection\":[\"Blog\"],\"inLanguage\":\"es\"},{\"@type\":\"WebPage\",\"@id\":\"https:\\\/\\\/www.pixid-vms.com\\\/es\\\/blog\\\/gestion-personal-temporal-combinar-exito\\\/\",\"url\":\"https:\\\/\\\/www.pixid-vms.com\\\/es\\\/blog\\\/gestion-personal-temporal-combinar-exito\\\/\",\"name\":\"Gesti\u00f3n de personal temporal: empleados fijos y eventuales\",\"isPartOf\":{\"@id\":\"https:\\\/\\\/www.pixid-vms.com\\\/es\\\/#website\"},\"primaryImageOfPage\":{\"@id\":\"https:\\\/\\\/www.pixid-vms.com\\\/es\\\/blog\\\/gestion-personal-temporal-combinar-exito\\\/#primaryimage\"},\"image\":{\"@id\":\"https:\\\/\\\/www.pixid-vms.com\\\/es\\\/blog\\\/gestion-personal-temporal-combinar-exito\\\/#primaryimage\"},\"thumbnailUrl\":\"https:\\\/\\\/www.pixid-vms.com\\\/es\\\/wp-content\\\/uploads\\\/sites\\\/13\\\/2025\\\/06\\\/Hybrid-workforce-strategies.jpg\",\"datePublished\":\"2025-07-10T12:01:04+00:00\",\"dateModified\":\"2025-08-06T08:28:32+00:00\",\"description\":\"Descubra c\u00f3mo gestionar el personal temporal junto al fijo y optimizar procesos de trabajo temporal en su empresa con tecnolog\u00eda avanzada para RRHH.\",\"breadcrumb\":{\"@id\":\"https:\\\/\\\/www.pixid-vms.com\\\/es\\\/blog\\\/gestion-personal-temporal-combinar-exito\\\/#breadcrumb\"},\"inLanguage\":\"es\",\"potentialAction\":[{\"@type\":\"ReadAction\",\"target\":[\"https:\\\/\\\/www.pixid-vms.com\\\/es\\\/blog\\\/gestion-personal-temporal-combinar-exito\\\/\"]}]},{\"@type\":\"ImageObject\",\"inLanguage\":\"es\",\"@id\":\"https:\\\/\\\/www.pixid-vms.com\\\/es\\\/blog\\\/gestion-personal-temporal-combinar-exito\\\/#primaryimage\",\"url\":\"https:\\\/\\\/www.pixid-vms.com\\\/es\\\/wp-content\\\/uploads\\\/sites\\\/13\\\/2025\\\/06\\\/Hybrid-workforce-strategies.jpg\",\"contentUrl\":\"https:\\\/\\\/www.pixid-vms.com\\\/es\\\/wp-content\\\/uploads\\\/sites\\\/13\\\/2025\\\/06\\\/Hybrid-workforce-strategies.jpg\",\"width\":680,\"height\":350},{\"@type\":\"BreadcrumbList\",\"@id\":\"https:\\\/\\\/www.pixid-vms.com\\\/es\\\/blog\\\/gestion-personal-temporal-combinar-exito\\\/#breadcrumb\",\"itemListElement\":[{\"@type\":\"ListItem\",\"position\":1,\"name\":\"Home\",\"item\":\"https:\\\/\\\/www.pixid-vms.com\\\/es\\\/\"},{\"@type\":\"ListItem\",\"position\":2,\"name\":\"Gesti\u00f3n de personal temporal: empleados fijos y eventuales\"}]},{\"@type\":\"WebSite\",\"@id\":\"https:\\\/\\\/www.pixid-vms.com\\\/es\\\/#website\",\"url\":\"https:\\\/\\\/www.pixid-vms.com\\\/es\\\/\",\"name\":\"PIXID VMS ESPA\u00d1A\",\"description\":\"Soluci\u00f3n de personal temporal\",\"publisher\":{\"@id\":\"https:\\\/\\\/www.pixid-vms.com\\\/es\\\/#organization\"},\"potentialAction\":[{\"@type\":\"SearchAction\",\"target\":{\"@type\":\"EntryPoint\",\"urlTemplate\":\"https:\\\/\\\/www.pixid-vms.com\\\/es\\\/?s={search_term_string}\"},\"query-input\":{\"@type\":\"PropertyValueSpecification\",\"valueRequired\":true,\"valueName\":\"search_term_string\"}}],\"inLanguage\":\"es\"},{\"@type\":\"Organization\",\"@id\":\"https:\\\/\\\/www.pixid-vms.com\\\/es\\\/#organization\",\"name\":\"PIXID VMS\",\"url\":\"https:\\\/\\\/www.pixid-vms.com\\\/es\\\/\",\"logo\":{\"@type\":\"ImageObject\",\"inLanguage\":\"es\",\"@id\":\"https:\\\/\\\/www.pixid-vms.com\\\/es\\\/#\\\/schema\\\/logo\\\/image\\\/\",\"url\":\"https:\\\/\\\/www.pixid-vms.com\\\/es\\\/wp-content\\\/uploads\\\/sites\\\/13\\\/2025\\\/01\\\/PIXIDVMS-logo-colour-1.png\",\"contentUrl\":\"https:\\\/\\\/www.pixid-vms.com\\\/es\\\/wp-content\\\/uploads\\\/sites\\\/13\\\/2025\\\/01\\\/PIXIDVMS-logo-colour-1.png\",\"width\":3238,\"height\":625,\"caption\":\"PIXID VMS\"},\"image\":{\"@id\":\"https:\\\/\\\/www.pixid-vms.com\\\/es\\\/#\\\/schema\\\/logo\\\/image\\\/\"},\"sameAs\":[\"https:\\\/\\\/x.com\\\/PIXID_Group\",\"https:\\\/\\\/www.linkedin.com\\\/company\\\/pixid\\\/\"]},{\"@type\":\"Person\",\"@id\":\"https:\\\/\\\/www.pixid-vms.com\\\/es\\\/#\\\/schema\\\/person\\\/487b31adb5ff8daf14fc06ad6a531a7c\",\"name\":\"daniel kieve\",\"image\":{\"@type\":\"ImageObject\",\"inLanguage\":\"es\",\"@id\":\"https:\\\/\\\/secure.gravatar.com\\\/avatar\\\/a73f1a5e7e549a1b24421dd1040e69cde59114e4f906a4c1b2f6563327e43d3a?s=96&d=mm&r=g\",\"url\":\"https:\\\/\\\/secure.gravatar.com\\\/avatar\\\/a73f1a5e7e549a1b24421dd1040e69cde59114e4f906a4c1b2f6563327e43d3a?s=96&d=mm&r=g\",\"contentUrl\":\"https:\\\/\\\/secure.gravatar.com\\\/avatar\\\/a73f1a5e7e549a1b24421dd1040e69cde59114e4f906a4c1b2f6563327e43d3a?s=96&d=mm&r=g\",\"caption\":\"daniel kieve\"}}]}<\/script>\n<!-- \/ Yoast SEO plugin. -->","yoast_head_json":{"title":"Gesti\u00f3n de personal temporal: empleados fijos y eventuales","description":"Descubra c\u00f3mo gestionar el personal temporal junto al fijo y optimizar procesos de trabajo temporal en su empresa con tecnolog\u00eda avanzada para RRHH.","robots":{"index":"index","follow":"follow","max-snippet":"max-snippet:-1","max-image-preview":"max-image-preview:large","max-video-preview":"max-video-preview:-1"},"canonical":"https:\/\/www.pixid-vms.com\/es\/blog\/gestion-personal-temporal-combinar-exito\/","og_locale":"es_ES","og_type":"article","og_title":"Gesti\u00f3n de personal temporal: empleados fijos y eventuales","og_description":"Descubra c\u00f3mo gestionar el personal temporal junto al fijo y optimizar procesos de trabajo temporal en su empresa con tecnolog\u00eda avanzada para RRHH.","og_url":"https:\/\/www.pixid-vms.com\/es\/blog\/gestion-personal-temporal-combinar-exito\/","og_site_name":"PIXID VMS ESPA\u00d1A","article_published_time":"2025-07-10T12:01:04+00:00","article_modified_time":"2025-08-06T08:28:32+00:00","author":"daniel kieve","twitter_card":"summary_large_image","twitter_creator":"@PIXID_Group","twitter_site":"@PIXID_Group","twitter_misc":{"Escrito por":"daniel kieve","Tiempo de lectura":"4 minutos"},"schema":{"@context":"https:\/\/schema.org","@graph":[{"@type":"Article","@id":"https:\/\/www.pixid-vms.com\/es\/blog\/gestion-personal-temporal-combinar-exito\/#article","isPartOf":{"@id":"https:\/\/www.pixid-vms.com\/es\/blog\/gestion-personal-temporal-combinar-exito\/"},"author":{"name":"daniel kieve","@id":"https:\/\/www.pixid-vms.com\/es\/#\/schema\/person\/487b31adb5ff8daf14fc06ad6a531a7c"},"headline":"Gesti\u00f3n de personal temporal: empleados fijos y eventuales","datePublished":"2025-07-10T12:01:04+00:00","dateModified":"2025-08-06T08:28:32+00:00","mainEntityOfPage":{"@id":"https:\/\/www.pixid-vms.com\/es\/blog\/gestion-personal-temporal-combinar-exito\/"},"wordCount":728,"publisher":{"@id":"https:\/\/www.pixid-vms.com\/es\/#organization"},"image":{"@id":"https:\/\/www.pixid-vms.com\/es\/blog\/gestion-personal-temporal-combinar-exito\/#primaryimage"},"thumbnailUrl":"https:\/\/www.pixid-vms.com\/es\/wp-content\/uploads\/sites\/13\/2025\/06\/Hybrid-workforce-strategies.jpg","articleSection":["Blog"],"inLanguage":"es"},{"@type":"WebPage","@id":"https:\/\/www.pixid-vms.com\/es\/blog\/gestion-personal-temporal-combinar-exito\/","url":"https:\/\/www.pixid-vms.com\/es\/blog\/gestion-personal-temporal-combinar-exito\/","name":"Gesti\u00f3n de personal temporal: empleados fijos y eventuales","isPartOf":{"@id":"https:\/\/www.pixid-vms.com\/es\/#website"},"primaryImageOfPage":{"@id":"https:\/\/www.pixid-vms.com\/es\/blog\/gestion-personal-temporal-combinar-exito\/#primaryimage"},"image":{"@id":"https:\/\/www.pixid-vms.com\/es\/blog\/gestion-personal-temporal-combinar-exito\/#primaryimage"},"thumbnailUrl":"https:\/\/www.pixid-vms.com\/es\/wp-content\/uploads\/sites\/13\/2025\/06\/Hybrid-workforce-strategies.jpg","datePublished":"2025-07-10T12:01:04+00:00","dateModified":"2025-08-06T08:28:32+00:00","description":"Descubra c\u00f3mo gestionar el personal temporal junto al fijo y optimizar procesos de trabajo temporal en su empresa con tecnolog\u00eda avanzada para RRHH.","breadcrumb":{"@id":"https:\/\/www.pixid-vms.com\/es\/blog\/gestion-personal-temporal-combinar-exito\/#breadcrumb"},"inLanguage":"es","potentialAction":[{"@type":"ReadAction","target":["https:\/\/www.pixid-vms.com\/es\/blog\/gestion-personal-temporal-combinar-exito\/"]}]},{"@type":"ImageObject","inLanguage":"es","@id":"https:\/\/www.pixid-vms.com\/es\/blog\/gestion-personal-temporal-combinar-exito\/#primaryimage","url":"https:\/\/www.pixid-vms.com\/es\/wp-content\/uploads\/sites\/13\/2025\/06\/Hybrid-workforce-strategies.jpg","contentUrl":"https:\/\/www.pixid-vms.com\/es\/wp-content\/uploads\/sites\/13\/2025\/06\/Hybrid-workforce-strategies.jpg","width":680,"height":350},{"@type":"BreadcrumbList","@id":"https:\/\/www.pixid-vms.com\/es\/blog\/gestion-personal-temporal-combinar-exito\/#breadcrumb","itemListElement":[{"@type":"ListItem","position":1,"name":"Home","item":"https:\/\/www.pixid-vms.com\/es\/"},{"@type":"ListItem","position":2,"name":"Gesti\u00f3n de personal temporal: empleados fijos y eventuales"}]},{"@type":"WebSite","@id":"https:\/\/www.pixid-vms.com\/es\/#website","url":"https:\/\/www.pixid-vms.com\/es\/","name":"PIXID VMS ESPA\u00d1A","description":"Soluci\u00f3n de personal temporal","publisher":{"@id":"https:\/\/www.pixid-vms.com\/es\/#organization"},"potentialAction":[{"@type":"SearchAction","target":{"@type":"EntryPoint","urlTemplate":"https:\/\/www.pixid-vms.com\/es\/?s={search_term_string}"},"query-input":{"@type":"PropertyValueSpecification","valueRequired":true,"valueName":"search_term_string"}}],"inLanguage":"es"},{"@type":"Organization","@id":"https:\/\/www.pixid-vms.com\/es\/#organization","name":"PIXID VMS","url":"https:\/\/www.pixid-vms.com\/es\/","logo":{"@type":"ImageObject","inLanguage":"es","@id":"https:\/\/www.pixid-vms.com\/es\/#\/schema\/logo\/image\/","url":"https:\/\/www.pixid-vms.com\/es\/wp-content\/uploads\/sites\/13\/2025\/01\/PIXIDVMS-logo-colour-1.png","contentUrl":"https:\/\/www.pixid-vms.com\/es\/wp-content\/uploads\/sites\/13\/2025\/01\/PIXIDVMS-logo-colour-1.png","width":3238,"height":625,"caption":"PIXID VMS"},"image":{"@id":"https:\/\/www.pixid-vms.com\/es\/#\/schema\/logo\/image\/"},"sameAs":["https:\/\/x.com\/PIXID_Group","https:\/\/www.linkedin.com\/company\/pixid\/"]},{"@type":"Person","@id":"https:\/\/www.pixid-vms.com\/es\/#\/schema\/person\/487b31adb5ff8daf14fc06ad6a531a7c","name":"daniel kieve","image":{"@type":"ImageObject","inLanguage":"es","@id":"https:\/\/secure.gravatar.com\/avatar\/a73f1a5e7e549a1b24421dd1040e69cde59114e4f906a4c1b2f6563327e43d3a?s=96&d=mm&r=g","url":"https:\/\/secure.gravatar.com\/avatar\/a73f1a5e7e549a1b24421dd1040e69cde59114e4f906a4c1b2f6563327e43d3a?s=96&d=mm&r=g","contentUrl":"https:\/\/secure.gravatar.com\/avatar\/a73f1a5e7e549a1b24421dd1040e69cde59114e4f906a4c1b2f6563327e43d3a?s=96&d=mm&r=g","caption":"daniel kieve"}}]}},"lang":false,"translations":[],"_links":{"self":[{"href":"https:\/\/www.pixid-vms.com\/es\/wp-json\/wp\/v2\/posts\/11661","targetHints":{"allow":["GET"]}}],"collection":[{"href":"https:\/\/www.pixid-vms.com\/es\/wp-json\/wp\/v2\/posts"}],"about":[{"href":"https:\/\/www.pixid-vms.com\/es\/wp-json\/wp\/v2\/types\/post"}],"author":[{"embeddable":true,"href":"https:\/\/www.pixid-vms.com\/es\/wp-json\/wp\/v2\/users\/22"}],"replies":[{"embeddable":true,"href":"https:\/\/www.pixid-vms.com\/es\/wp-json\/wp\/v2\/comments?post=11661"}],"version-history":[{"count":0,"href":"https:\/\/www.pixid-vms.com\/es\/wp-json\/wp\/v2\/posts\/11661\/revisions"}],"wp:featuredmedia":[{"embeddable":true,"href":"https:\/\/www.pixid-vms.com\/es\/wp-json\/wp\/v2\/media\/11662"}],"wp:attachment":[{"href":"https:\/\/www.pixid-vms.com\/es\/wp-json\/wp\/v2\/media?parent=11661"}],"wp:term":[{"taxonomy":"category","embeddable":true,"href":"https:\/\/www.pixid-vms.com\/es\/wp-json\/wp\/v2\/categories?post=11661"},{"taxonomy":"post_tag","embeddable":true,"href":"https:\/\/www.pixid-vms.com\/es\/wp-json\/wp\/v2\/tags?post=11661"}],"curies":[{"name":"wp","href":"https:\/\/api.w.org\/{rel}","templated":true}]}}